{"id":1029,"date":"2014-03-16T18:50:46","date_gmt":"2014-03-16T22:50:46","guid":{"rendered":"https:\/\/therrien.org\/?p=1029"},"modified":"2014-03-16T18:50:46","modified_gmt":"2014-03-16T22:50:46","slug":"rassemblement-2014","status":"publish","type":"post","link":"https:\/\/therrien.org\/en\/2014\/03\/16\/rassemblement-2014\/","title":{"rendered":"2014 Gathering"},"content":{"rendered":"<p><\/p>\n<p style=\"text-align: justify;\">The Association &#8220;Ralliement des Familles Jean et Pierre Terrien&#8221; will not organize a separate gathering in 2014, but rather will take advantage of the scheduled events of the Congr\u00e8s Mondial Acadien 2014. Thus, during the Congr\u00e8s Mondial Acadien 2014, Therrien families will meet at Rivi\u00e8re-Verte in New Brunswick on August 9 and 10.<\/p>\n<p style=\"text-align: justify;\"><a href=\"https:\/\/therrien.org\/wp-content\/uploads\/2014\/03\/CMA2014En.jpg\"><img loading=\"lazy\" decoding=\"async\" class=\"alignnone size-full wp-image-1027\" alt=\"CMA2014En\" src=\"https:\/\/therrien.org\/wp-content\/uploads\/2014\/03\/CMA2014En.jpg\" width=\"1108\" height=\"695\" srcset=\"https:\/\/therrien.org\/wp-content\/uploads\/2014\/03\/CMA2014En.jpg 1108w, https:\/\/therrien.org\/wp-content\/uploads\/2014\/03\/CMA2014En-300x188.jpg 300w, https:\/\/therrien.org\/wp-content\/uploads\/2014\/03\/CMA2014En-1024x642.jpg 1024w\" sizes=\"auto, (max-width: 1108px) 100vw, 1108px\" \/><\/a><\/p>\n<p style=\"text-align: justify;\">For more information about the program and registration, please visit the following website: <a title=\"Therrien family web page for the Congr\u00e8s mondial acadien 2014!\" href=\"http:\/\/therrien.cma2014.com\/en\" target=\"_blank\">http:\/\/therrien.cma2014.com\/en<\/a><\/p>\n<p style=\"text-align: justify;\">On this website you will have access to all information related to the family gathering. You can take the opportunity to register for the gathering, view programming or even share genealogy information.<\/p>\n<p style=\"text-align: justify;\">For any further information or any questions, please contact Michel Therrien by email at <a title=\"Michel Therrien Email\" href=\"mailto:michel.therrien@ccnb.ca\" target=\"_blank\">michel.therrien@ccnb.ca<\/a>.<\/p>\n<p style=\"text-align: justify;\">It will be a pleasure to meet again in 2014!<\/p>\n<p><\/p>","protected":false},"excerpt":{"rendered":"<p>The Association &#8220;Ralliement des Familles Jean et Pierre Terrien&#8221; will not organize a separate gathering in 2014, but rather will take advantage of the scheduled events of the Congr\u00e8s Mondial Acadien 2014. Thus, during the Congr\u00e8s Mondial Acadien 2014, Therrien &hellip; <a href=\"https:\/\/therrien.org\/en\/2014\/03\/16\/rassemblement-2014\/\">Continue reading <span class=\"meta-nav\">&rarr;<\/span><\/a><\/p>\n","protected":false},"author":3,"featured_media":0,"comment_status":"open","ping_status":"open","sticky":false,"template":"","format":"standard","meta":{"ngg_post_thumbnail":0,"footnotes":""},"categories":[8],"tags":[36],"class_list":["post-1029","post","type-post","status-publish","format-standard","hentry","category-information","tag-cma-2014"],"aioseo_notices":[],"_links":{"self":[{"href":"https:\/\/therrien.org\/en\/wp-json\/wp\/v2\/posts\/1029","targetHints":{"allow":["GET"]}}],"collection":[{"href":"https:\/\/therrien.org\/en\/wp-json\/wp\/v2\/posts"}],"about":[{"href":"https:\/\/therrien.org\/en\/wp-json\/wp\/v2\/types\/post"}],"author":[{"embeddable":true,"href":"https:\/\/therrien.org\/en\/wp-json\/wp\/v2\/users\/3"}],"replies":[{"embeddable":true,"href":"https:\/\/therrien.org\/en\/wp-json\/wp\/v2\/comments?post=1029"}],"version-history":[{"count":1,"href":"https:\/\/therrien.org\/en\/wp-json\/wp\/v2\/posts\/1029\/revisions"}],"predecessor-version":[{"id":1030,"href":"https:\/\/therrien.org\/en\/wp-json\/wp\/v2\/posts\/1029\/revisions\/1030"}],"wp:attachment":[{"href":"https:\/\/therrien.org\/en\/wp-json\/wp\/v2\/media?parent=1029"}],"wp:term":[{"taxonomy":"category","embeddable":true,"href":"https:\/\/therrien.org\/en\/wp-json\/wp\/v2\/categories?post=1029"},{"taxonomy":"post_tag","embeddable":true,"href":"https:\/\/therrien.org\/en\/wp-json\/wp\/v2\/tags?post=1029"}],"curies":[{"name":"wp","href":"https:\/\/api.w.org\/{rel}","templated":true}]}}