{"id":798,"date":"2012-05-03T17:48:26","date_gmt":"2012-05-03T21:48:26","guid":{"rendered":"https:\/\/therrien.org\/?p=798"},"modified":"2012-05-04T15:55:08","modified_gmt":"2012-05-04T19:55:08","slug":"30e-rassemblement-des-familles-jean-et-pierre-terrien","status":"publish","type":"post","link":"https:\/\/therrien.org\/en\/2012\/05\/03\/30e-rassemblement-des-familles-jean-et-pierre-terrien\/","title":{"rendered":"30th gathering of the families Jean and Pierre Terrien"},"content":{"rendered":"<p><\/p>\n<p style=\"text-align: justify;\">The Ralliement des familles Jean et Pierre Terrien will hold its 30th gathering in the beautiful region of la Haute-Gatineau, on 10, 11 and 12 August 2012.<\/p>\n<p style=\"text-align: justify;\">We wait for you in large numbers for this great event in the region of the Vall\u00e9e-de-la-Gatineau, a rather little known region of Qu\u00e9bec but it is in this part of the country that one of your ancestors, Alphonse Th\u00e9rien, decided to settle! Come discover your relationship to this pioneer that was Alphonse Th\u00e9rien\u00a0and meet cousins!<\/p>\n<p style=\"text-align: justify;\">For more information, please <a title=\"Gathering 2012\" href=\"https:\/\/therrien.org\/en\/activites\/\">click here<\/a>.<\/p>\n<p><\/p>","protected":false},"excerpt":{"rendered":"<p>The Ralliement des familles Jean et Pierre Terrien will hold its 30th gathering in the beautiful region of la Haute-Gatineau, on 10, 11 and 12 August 2012. We wait for you in large numbers for this great event in the &hellip; <a href=\"https:\/\/therrien.org\/en\/2012\/05\/03\/30e-rassemblement-des-familles-jean-et-pierre-terrien\/\">Continue reading <span class=\"meta-nav\">&rarr;<\/span><\/a><\/p>\n","protected":false},"author":3,"featured_media":0,"comment_status":"open","ping_status":"open","sticky":false,"template":"","format":"standard","meta":{"ngg_post_thumbnail":0,"footnotes":""},"categories":[8],"tags":[18,22,21,17,25,24,23],"class_list":["post-798","post","type-post","status-publish","format-standard","hentry","category-information","tag-18","tag-famille","tag-haute-gatineau","tag-rassemblement","tag-terrien","tag-therien","tag-therrien"],"aioseo_notices":[],"_links":{"self":[{"href":"https:\/\/therrien.org\/en\/wp-json\/wp\/v2\/posts\/798","targetHints":{"allow":["GET"]}}],"collection":[{"href":"https:\/\/therrien.org\/en\/wp-json\/wp\/v2\/posts"}],"about":[{"href":"https:\/\/therrien.org\/en\/wp-json\/wp\/v2\/types\/post"}],"author":[{"embeddable":true,"href":"https:\/\/therrien.org\/en\/wp-json\/wp\/v2\/users\/3"}],"replies":[{"embeddable":true,"href":"https:\/\/therrien.org\/en\/wp-json\/wp\/v2\/comments?post=798"}],"version-history":[{"count":4,"href":"https:\/\/therrien.org\/en\/wp-json\/wp\/v2\/posts\/798\/revisions"}],"predecessor-version":[{"id":800,"href":"https:\/\/therrien.org\/en\/wp-json\/wp\/v2\/posts\/798\/revisions\/800"}],"wp:attachment":[{"href":"https:\/\/therrien.org\/en\/wp-json\/wp\/v2\/media?parent=798"}],"wp:term":[{"taxonomy":"category","embeddable":true,"href":"https:\/\/therrien.org\/en\/wp-json\/wp\/v2\/categories?post=798"},{"taxonomy":"post_tag","embeddable":true,"href":"https:\/\/therrien.org\/en\/wp-json\/wp\/v2\/tags?post=798"}],"curies":[{"name":"wp","href":"https:\/\/api.w.org\/{rel}","templated":true}]}}