{"id":1541,"date":"2014-09-16T17:53:45","date_gmt":"2014-09-16T21:53:45","guid":{"rendered":"https:\/\/therrien.org\/?p=1541"},"modified":"2014-11-24T21:50:56","modified_gmt":"2014-11-25T02:50:56","slug":"rassemblement-2014-a-riviere-verte","status":"publish","type":"post","link":"https:\/\/therrien.org\/fr\/2014\/09\/16\/rassemblement-2014-a-riviere-verte\/","title":{"rendered":"Rassemblement 2014 \u00e0 Rivi\u00e8re-Verte"},"content":{"rendered":"<p><\/p>\n<p style=\"text-align: justify;\">Voici quelques <a title=\"Rassemblement 2014 \u00e0 Rivi\u00e8re-Verte\" href=\"https:\/\/therrien.org\/fr\/2014\/09\/16\/rassemblement-2014-a-riviere-verte\/\">photos de notre dernier rassemblement \u00e0 Rivi\u00e8re-Verte<\/a>. Vous avez des photos \u00e0 partager, envoyez un courriel \u00e0 <a title=\"information@therrien.org\" href=\"mailto:information@therrien.org\">information@therrien.org<\/a>.<\/p>\n<p style=\"text-align: justify;\">Cliquez sur une photo pour visionner les photos de Michael DeConti, G\u00e9rald Therrien et Roger Therrien.<\/p>\n<ul>\n<li>Galerie A : Vendredi Bienvenue au Couvent des Servantes du Saint-Sacrement<\/li>\n<li>Galerie B : Samedi matin Assembl\u00e9e g\u00e9n\u00e9rale de l&rsquo;Association<\/li>\n<li>Galerie C : Samedi Diner et vie sociale<\/li>\n<li>Galerie D : Samedi Voyage \u00e0 la montagne de Therrien<\/li>\n<li>Galerie E : Samedi soir Souper<\/li>\n<li>Galerie F : Samedi Visite au pont Regis Therrien et la plaque<\/li>\n<li>Galerie G : Samedi soir Danse<\/li>\n<li>Galerie H : Dimanche matin Petit d\u00e9jeuner et d\u00e9part au couvent des servantes du Saint-Sacrement<\/li>\n<li>Galerie I : Dimanche matin Visite au site Marial de Saint-Basile<\/li>\n<li>Galerie J : Dimanche Messe du matin \u00e0 Sainte-Anne de Madawaska<\/li>\n<li>Galerie K : Dimanche Brunch<\/li>\n<li>Galerie L : Dimanche apr\u00e8s-midi Visite du plus long pont couvert du monde \u00e0 Hartland<\/li>\n<li>Galerie M : Dimanche Souper d&rsquo;adieu<\/li>\n<li>Galerie N : Photos de G\u00e9rald<\/li>\n<li>Galerie O : Photos de Roger<\/li>\n<\/ul>\n<p style=\"text-align: justify;\">ngg_shortcode_0_placeholder<\/p>\n<p><\/p>","protected":false},"excerpt":{"rendered":"<p>Voici quelques photos de notre dernier rassemblement \u00e0 Rivi\u00e8re-Verte. Vous avez des photos \u00e0 partager, envoyez un courriel \u00e0 information@therrien.org. Cliquez sur une photo pour visionner les photos de Michael DeConti, G\u00e9rald Therrien et Roger Therrien. Galerie A : Vendredi &hellip; <a href=\"https:\/\/therrien.org\/fr\/2014\/09\/16\/rassemblement-2014-a-riviere-verte\/\">Continuer la lecture <span class=\"meta-nav\">&rarr;<\/span><\/a><\/p>\n","protected":false},"author":3,"featured_media":0,"comment_status":"open","ping_status":"open","sticky":false,"template":"","format":"standard","meta":{"ngg_post_thumbnail":0,"footnotes":""},"categories":[1,29],"tags":[37,28],"class_list":["post-1541","post","type-post","status-publish","format-standard","hentry","category-non-classe","category-photo","tag-37","tag-photos"],"aioseo_notices":[],"_links":{"self":[{"href":"https:\/\/therrien.org\/fr\/wp-json\/wp\/v2\/posts\/1541","targetHints":{"allow":["GET"]}}],"collection":[{"href":"https:\/\/therrien.org\/fr\/wp-json\/wp\/v2\/posts"}],"about":[{"href":"https:\/\/therrien.org\/fr\/wp-json\/wp\/v2\/types\/post"}],"author":[{"embeddable":true,"href":"https:\/\/therrien.org\/fr\/wp-json\/wp\/v2\/users\/3"}],"replies":[{"embeddable":true,"href":"https:\/\/therrien.org\/fr\/wp-json\/wp\/v2\/comments?post=1541"}],"version-history":[{"count":5,"href":"https:\/\/therrien.org\/fr\/wp-json\/wp\/v2\/posts\/1541\/revisions"}],"predecessor-version":[{"id":1722,"href":"https:\/\/therrien.org\/fr\/wp-json\/wp\/v2\/posts\/1541\/revisions\/1722"}],"wp:attachment":[{"href":"https:\/\/therrien.org\/fr\/wp-json\/wp\/v2\/media?parent=1541"}],"wp:term":[{"taxonomy":"category","embeddable":true,"href":"https:\/\/therrien.org\/fr\/wp-json\/wp\/v2\/categories?post=1541"},{"taxonomy":"post_tag","embeddable":true,"href":"https:\/\/therrien.org\/fr\/wp-json\/wp\/v2\/tags?post=1541"}],"curies":[{"name":"wp","href":"https:\/\/api.w.org\/{rel}","templated":true}]}}