{"id":1743,"date":"2016-01-05T22:21:56","date_gmt":"2016-01-06T03:21:56","guid":{"rendered":"https:\/\/therrien.org\/?p=1743"},"modified":"2016-01-05T22:21:56","modified_gmt":"2016-01-06T03:21:56","slug":"deces-de-diane-pearl-therrien","status":"publish","type":"post","link":"https:\/\/therrien.org\/fr\/2016\/01\/05\/deces-de-diane-pearl-therrien\/","title":{"rendered":"D\u00e9c\u00e8s de Diane Pearl Therrien"},"content":{"rendered":"<p><\/p>\n<p><\/p>\n<p style=\"text-align: justify;\"><img decoding=\"async\" src=\"https:\/\/therrien.org\/wp-content\/uploads\/2016\/01\/Diane_Therrien.jpg\" alt=\"null\" \/>C&rsquo;est\u00a0avec\u00a0une\u00a0grande\u00a0tristesse\u00a0que\u00a0l&rsquo;association annonce\u00a0le d\u00e9c\u00e8s soudain de\u00a0Diane\u00a0Pearl\u00a0Therrien\u00a0d&rsquo;Edmonton,\u00a0Canada. Diane\u00a0est\u00a0d\u00e9c\u00e9d\u00e9e\u00a0le\u00a09 novembre\u00a02015\u00a0\u00e0\u00a0l&rsquo;\u00e2ge de\u00a062\u00a0ans. Elle a \u00e9t\u00e9 l&rsquo;une des plus\u00a0int\u00e9ressantes\u00a0et\u00a0amusantes\u00a0participantes\u00a0aux\u00a0r\u00e9unions\u00a0annuelles. Elle a\u00a0non\u00a0seulement\u00a0fait\u00a0tous\u00a0les efforts possibles\u00a0pour\u00a0\u00eatre\u00a0pr\u00e9sente \u00e0\u00a0chaque r\u00e9union\u00a0en planifiant\u00a0ses\u00a0vacances\u00a0en cons\u00e9quence, mais\u00a0elle\u00a0a aussi incit\u00e9 de<br \/>\nnombreux\u00a0membres de\u00a0sa\u00a0famille\u00a0\u00e0 y participer.<\/p>\n<p style=\"text-align: justify;\">Diane a \u00e9galement con\u00e7u de belles couettes et en a fait don \u00e0 plusieurs occasions lors des\u00a0tirages au sort,\u00a0que nous avons\u00a0organis\u00e9s\u00a0chaque\u00a0ann\u00e9e\u00a0aux rassemblements. Elles \u00e9taient l&rsquo;un des prix les plus convoit\u00e9s lors de ces \u00e9v\u00e9nements. La photo ci-dessous repr\u00e9sente un exemple du travail qu&rsquo;elle a fait pour Centraide en 2009.<\/p>\n<p><img decoding=\"async\" src=\"https:\/\/therrien.org\/wp-content\/uploads\/2016\/01\/Diane_Therrien_Quilt.jpeg\" alt=\"null\" \/><\/p>\n<p style=\"text-align: justify;\">En\u00a0ao\u00fbt\u00a0dernier,\u00a0elle s\u2019\u00e9tait port\u00e9e\u00a0volontaire\u00a0afin de participer au conseil d\u2019administration de l&rsquo;association\u00a0et nous\u00a0attendions\u00a0avec impatience ses id\u00e9es et sa contribution. Nous\u00a0offrons\u00a0nos plus sinc\u00e8res\u00a0condol\u00e9ances\u00a0\u00e0\u00a0son\u00a0p\u00e8re\u00a0Roger\u00a0et\u00a0son oncle Claude,\u00a0qui voyageait souvent avec Diane,\u00a0ainsi qu\u2019\u00e0 l&rsquo;ensemble de sa\u00a0famille.\u00a0Diane\u00a0manquera\u00a0\u00e0\u00a0tous\u00a0ainsi qu\u2019\u00e0 l\u2019ensemble des membres de l&rsquo;Association et\u00a0aura \u00e9t\u00e9 une<br \/>\nperle pour nous tous.<\/p>\n<p>Le lien suivant vous renseignera davantage sur la n\u00e9crologie\u00a0de Dianne ;<\/p>\n<p><a href=\"http:\/\/www.legacy.com\/obituaries\/edmontonjournal\/obituary.aspx?pid=176479115\" target=\"_blank\">http:\/\/www.legacy.com\/obituaries\/edmontonjournal\/obituary.aspx?pid=176479115<\/a><br \/>\n<\/p>","protected":false},"excerpt":{"rendered":"<p>C&rsquo;est\u00a0avec\u00a0une\u00a0grande\u00a0tristesse\u00a0que\u00a0l&rsquo;association annonce\u00a0le d\u00e9c\u00e8s soudain de\u00a0Diane\u00a0Pearl\u00a0Therrien\u00a0d&rsquo;Edmonton,\u00a0Canada. Diane\u00a0est\u00a0d\u00e9c\u00e9d\u00e9e\u00a0le\u00a09 novembre\u00a02015\u00a0\u00e0\u00a0l&rsquo;\u00e2ge de\u00a062\u00a0ans. Elle a \u00e9t\u00e9 l&rsquo;une des plus\u00a0int\u00e9ressantes\u00a0et\u00a0amusantes\u00a0participantes\u00a0aux\u00a0r\u00e9unions\u00a0annuelles. Elle a\u00a0non\u00a0seulement\u00a0fait\u00a0tous\u00a0les efforts possibles\u00a0pour\u00a0\u00eatre\u00a0pr\u00e9sente \u00e0\u00a0chaque r\u00e9union\u00a0en planifiant\u00a0ses\u00a0vacances\u00a0en cons\u00e9quence, mais\u00a0elle\u00a0a aussi incit\u00e9 de nombreux\u00a0membres de\u00a0sa\u00a0famille\u00a0\u00e0 y participer. Diane a \u00e9galement con\u00e7u de belles couettes et en a &hellip; <a href=\"https:\/\/therrien.org\/fr\/2016\/01\/05\/deces-de-diane-pearl-therrien\/\">Continuer la lecture <span class=\"meta-nav\">&rarr;<\/span><\/a><\/p>\n","protected":false},"author":3,"featured_media":0,"comment_status":"open","ping_status":"open","sticky":false,"template":"","format":"standard","meta":{"ngg_post_thumbnail":0,"footnotes":""},"categories":[1],"tags":[],"class_list":["post-1743","post","type-post","status-publish","format-standard","hentry","category-non-classe"],"aioseo_notices":[],"_links":{"self":[{"href":"https:\/\/therrien.org\/fr\/wp-json\/wp\/v2\/posts\/1743","targetHints":{"allow":["GET"]}}],"collection":[{"href":"https:\/\/therrien.org\/fr\/wp-json\/wp\/v2\/posts"}],"about":[{"href":"https:\/\/therrien.org\/fr\/wp-json\/wp\/v2\/types\/post"}],"author":[{"embeddable":true,"href":"https:\/\/therrien.org\/fr\/wp-json\/wp\/v2\/users\/3"}],"replies":[{"embeddable":true,"href":"https:\/\/therrien.org\/fr\/wp-json\/wp\/v2\/comments?post=1743"}],"version-history":[{"count":12,"href":"https:\/\/therrien.org\/fr\/wp-json\/wp\/v2\/posts\/1743\/revisions"}],"predecessor-version":[{"id":1758,"href":"https:\/\/therrien.org\/fr\/wp-json\/wp\/v2\/posts\/1743\/revisions\/1758"}],"wp:attachment":[{"href":"https:\/\/therrien.org\/fr\/wp-json\/wp\/v2\/media?parent=1743"}],"wp:term":[{"taxonomy":"category","embeddable":true,"href":"https:\/\/therrien.org\/fr\/wp-json\/wp\/v2\/categories?post=1743"},{"taxonomy":"post_tag","embeddable":true,"href":"https:\/\/therrien.org\/fr\/wp-json\/wp\/v2\/tags?post=1743"}],"curies":[{"name":"wp","href":"https:\/\/api.w.org\/{rel}","templated":true}]}}