{"id":1819,"date":"2017-02-12T22:48:32","date_gmt":"2017-02-12T22:48:32","guid":{"rendered":"https:\/\/therrien.org\/?p=1819"},"modified":"2017-02-12T22:48:32","modified_gmt":"2017-02-12T22:48:32","slug":"35e-rassemblement-les-18-19-20-aout-2017","status":"publish","type":"post","link":"https:\/\/therrien.org\/fr\/2017\/02\/12\/35e-rassemblement-les-18-19-20-aout-2017\/","title":{"rendered":"35e Rassemblement les 18-19-20 ao\u00fbt 2017"},"content":{"rendered":"<p><\/p>\n<p style=\"text-align: center;\"><strong>\u00ab Ralliement des familles Jean et Pierre Terrien \u00bb<\/strong><br \/>\n<strong> 35e Rassemblement les 18-19-20 ao\u00fbt 2017<\/strong><\/p>\n<p>Cordiale bienvenue \u00e0 Trois-Rivi\u00e8res pour ce 35e rendez-vous des familles Therrien.<\/p>\n<div id=\"attachment_1798\" style=\"width: 188px\" class=\"wp-caption alignright\"><a href=\"https:\/\/therrien.org\/wp-content\/uploads\/2016\/12\/Sieur_de_Laviolette.jpg\"><img loading=\"lazy\" decoding=\"async\" aria-describedby=\"caption-attachment-1798\" class=\" wp-image-1798\" src=\"https:\/\/therrien.org\/wp-content\/uploads\/2016\/12\/Sieur_de_Laviolette.jpg\" alt=\"Sieur de Laviolette fondateur ode Trois-Rivi\u00e8res\" width=\"178\" height=\"241\" srcset=\"https:\/\/therrien.org\/wp-content\/uploads\/2016\/12\/Sieur_de_Laviolette.jpg 386w, https:\/\/therrien.org\/wp-content\/uploads\/2016\/12\/Sieur_de_Laviolette-222x300.jpg 222w\" sizes=\"auto, (max-width: 178px) 100vw, 178px\" \/><\/a><p id=\"caption-attachment-1798\" class=\"wp-caption-text\">Sieur de Laviolette fondateur de Trois-Rivi\u00e8res<\/p><\/div>\n<p style=\"text-align: left;\">Trois-Rivi\u00e8res a \u00e9t\u00e9 fond\u00e9e par le Sieur de Laviolette le 4 juillet 1634, au confluent de la rivi\u00e8re Saint-Maurice et du fleuve Saint-Laurent. Ce site \u00e9tait utilis\u00e9 depuis plusieurs ann\u00e9es par les autochtones qui venaient faire le commerce des fourrures avec les Europ\u00e9ens. Trois-Rivi\u00e8res est la deuxi\u00e8me plus ancienne ville du Canada.<\/p>\n<p>&nbsp;<\/p>\n<p>&nbsp;<\/p>\n<p>&nbsp;<\/p>\n<p>&nbsp;<\/p>\n<p>L\u2019anc\u00eatre Jean Terrien est arriv\u00e9 au pays vers 1665. \u00c0 ce moment Trois-Rivi\u00e8res \u00e9tait encore un petit bourg fortifi\u00e9 d\u2019environ 450 personnes.<\/p>\n<div id=\"attachment_1792\" style=\"width: 816px\" class=\"wp-caption aligncenter\"><a href=\"https:\/\/therrien.org\/wp-content\/uploads\/2016\/12\/Bourg_de_Trois-Rivieres_1685.jpg\"><img loading=\"lazy\" decoding=\"async\" aria-describedby=\"caption-attachment-1792\" class=\"size-full wp-image-1792\" src=\"https:\/\/therrien.org\/wp-content\/uploads\/2016\/12\/Bourg_de_Trois-Rivieres_1685.jpg\" alt=\"Bourg de Trois-Rivi\u00e8res 1685\" width=\"806\" height=\"466\" srcset=\"https:\/\/therrien.org\/wp-content\/uploads\/2016\/12\/Bourg_de_Trois-Rivieres_1685.jpg 806w, https:\/\/therrien.org\/wp-content\/uploads\/2016\/12\/Bourg_de_Trois-Rivieres_1685-300x173.jpg 300w, https:\/\/therrien.org\/wp-content\/uploads\/2016\/12\/Bourg_de_Trois-Rivieres_1685-768x444.jpg 768w\" sizes=\"auto, (max-width: 806px) 100vw, 806px\" \/><\/a><p id=\"caption-attachment-1792\" class=\"wp-caption-text\">Bourg de Trois-Rivi\u00e8res 1685<\/p><\/div>\n<p>Le 26 janvier 1667 Jean Terrien \u00e9pouse Judith Rigault (veuve de feu Fran\u00e7ois Lema\u00eetre). Judith a d\u00e9j\u00e0 8 enfants.<\/p>\n<p>Le couple s\u2019\u00e9tablit \u00e0 Trois-Rivi\u00e8res sur les terres que Judith a h\u00e9rit\u00e9es de son premier mari, pr\u00e8s de l\u2019emplacement o\u00f9 se trouve aujourd\u2019hui l\u2019\u00e9glise Notre-Dame-des-Sept-All\u00e9gresses.<\/p>\n<p>Jean Terrien et Judith Rigault ont eu deux gar\u00e7ons. Un seul a surv\u00e9cu, Jean (Baptiste) Terrien n\u00e9 en 1669 et d\u00e9c\u00e9d\u00e9 en 1759 \u00e0 Nicolet.<\/p>\n<p>Jean (l\u2019anc\u00eatre) \u00e9tait trappeur et commer\u00e7ant. Il \u00e9tait dans son \u00e9l\u00e9ment \u00e0 Trois-Rivi\u00e8res qui \u00e9tait encore \u00e0 ce moment un lieu important du commerce des fourrures en Nouvelle-France. Jean Terrien est d\u00e9c\u00e9d\u00e9 durant l\u2019hiver 1669-1670.<\/p>\n<p>Il y a encore \u00e0 Trois-Rivi\u00e8res plusieurs traces des origines de la cit\u00e9, venez les d\u00e9couvrir.<\/p>\n<div id=\"attachment_1795\" style=\"width: 380px\" class=\"wp-caption aligncenter\"><a href=\"https:\/\/therrien.org\/wp-content\/uploads\/2016\/12\/Le_vieux_Trois-Rivieres.jpg\"><img loading=\"lazy\" decoding=\"async\" aria-describedby=\"caption-attachment-1795\" class=\" wp-image-1795\" src=\"https:\/\/therrien.org\/wp-content\/uploads\/2016\/12\/Le_vieux_Trois-Rivieres.jpg\" alt=\"Le vieux Trois-Rivi\u00e8res\" width=\"370\" height=\"246\" srcset=\"https:\/\/therrien.org\/wp-content\/uploads\/2016\/12\/Le_vieux_Trois-Rivieres.jpg 550w, https:\/\/therrien.org\/wp-content\/uploads\/2016\/12\/Le_vieux_Trois-Rivieres-300x200.jpg 300w\" sizes=\"auto, (max-width: 370px) 100vw, 370px\" \/><\/a><p id=\"caption-attachment-1795\" class=\"wp-caption-text\">Le vieux Trois-Rivi\u00e8res<\/p><\/div>\n<p>Depuis ses d\u00e9buts Trois-Rivi\u00e8res s\u2019est beaucoup d\u00e9velopp\u00e9e tant au niveau de l\u2019\u00e9ducation, de la sant\u00e9, de l\u2019industrie, etc\u2026 En 2001 la nouvelle ville de Trois-Rivi\u00e8res a fusionn\u00e9 avec Cap-de-la-Madeleine et les villes avoisinantes pour former une agglom\u00e9ration de 135,000 habitants. Trois-Rivi\u00e8res est une ville dynamique, r\u00e9solument tourn\u00e9e vers l\u2019avenir.<\/p>\n<div id=\"attachment_1808\" style=\"width: 670px\" class=\"wp-caption alignright\"><a href=\"https:\/\/therrien.org\/wp-content\/uploads\/2016\/12\/TR_Amphithe\u0301atre_Cogeco.jpg\"><img loading=\"lazy\" decoding=\"async\" aria-describedby=\"caption-attachment-1808\" class=\"size-full wp-image-1808\" src=\"https:\/\/therrien.org\/wp-content\/uploads\/2016\/12\/TR_Amphithe\u0301atre_Cogeco.jpg\" alt=\"Amphithe\u0301atre Cogeco\" width=\"660\" height=\"303\" srcset=\"https:\/\/therrien.org\/wp-content\/uploads\/2016\/12\/TR_Amphithe\u0301atre_Cogeco.jpg 660w, https:\/\/therrien.org\/wp-content\/uploads\/2016\/12\/TR_Amphithe\u0301atre_Cogeco-300x138.jpg 300w\" sizes=\"auto, (max-width: 660px) 100vw, 660px\" \/><\/a><p id=\"caption-attachment-1808\" class=\"wp-caption-text\">Amphithe\u0301atre Cogeco<\/p><\/div>\n<p>Il nous fera plaisir de vous y accueillir pour vous la faire d\u00e9couvrir.<\/p>\n<p>Claire Therrien Picard<\/p>\n<p>Descendante de Jean Terrien et Judith Rigault<br \/>\nTrifluvienne d\u2019adoption depuis plus de 30 ans<\/p>","protected":false},"excerpt":{"rendered":"<p>\u00ab Ralliement des familles Jean et Pierre Terrien \u00bb 35e Rassemblement les 18-19-20 ao\u00fbt 2017 Cordiale bienvenue \u00e0 Trois-Rivi\u00e8res pour ce 35e rendez-vous des familles Therrien. Trois-Rivi\u00e8res a \u00e9t\u00e9 fond\u00e9e par le Sieur de Laviolette le 4 juillet 1634, au &hellip; <a href=\"https:\/\/therrien.org\/fr\/2017\/02\/12\/35e-rassemblement-les-18-19-20-aout-2017\/\">Continuer la lecture <span class=\"meta-nav\">&rarr;<\/span><\/a><\/p>\n","protected":false},"author":3,"featured_media":0,"comment_status":"open","ping_status":"open","sticky":false,"template":"","format":"standard","meta":{"ngg_post_thumbnail":0,"footnotes":""},"categories":[8],"tags":[40,38,17],"class_list":["post-1819","post","type-post","status-publish","format-standard","hentry","category-information","tag-40","tag-information","tag-rassemblement"],"aioseo_notices":[],"_links":{"self":[{"href":"https:\/\/therrien.org\/fr\/wp-json\/wp\/v2\/posts\/1819","targetHints":{"allow":["GET"]}}],"collection":[{"href":"https:\/\/therrien.org\/fr\/wp-json\/wp\/v2\/posts"}],"about":[{"href":"https:\/\/therrien.org\/fr\/wp-json\/wp\/v2\/types\/post"}],"author":[{"embeddable":true,"href":"https:\/\/therrien.org\/fr\/wp-json\/wp\/v2\/users\/3"}],"replies":[{"embeddable":true,"href":"https:\/\/therrien.org\/fr\/wp-json\/wp\/v2\/comments?post=1819"}],"version-history":[{"count":6,"href":"https:\/\/therrien.org\/fr\/wp-json\/wp\/v2\/posts\/1819\/revisions"}],"predecessor-version":[{"id":1825,"href":"https:\/\/therrien.org\/fr\/wp-json\/wp\/v2\/posts\/1819\/revisions\/1825"}],"wp:attachment":[{"href":"https:\/\/therrien.org\/fr\/wp-json\/wp\/v2\/media?parent=1819"}],"wp:term":[{"taxonomy":"category","embeddable":true,"href":"https:\/\/therrien.org\/fr\/wp-json\/wp\/v2\/categories?post=1819"},{"taxonomy":"post_tag","embeddable":true,"href":"https:\/\/therrien.org\/fr\/wp-json\/wp\/v2\/tags?post=1819"}],"curies":[{"name":"wp","href":"https:\/\/api.w.org\/{rel}","templated":true}]}}