{"id":2540,"date":"2022-07-10T21:35:12","date_gmt":"2022-07-11T01:35:12","guid":{"rendered":"https:\/\/therrien.org\/?p=2540"},"modified":"2022-08-05T14:10:44","modified_gmt":"2022-08-05T18:10:44","slug":"ralliement-2022-inscription","status":"publish","type":"post","link":"https:\/\/therrien.org\/fr\/2022\/07\/10\/ralliement-2022-inscription\/","title":{"rendered":"Ralliement 2022 &#8211; Inscription"},"content":{"rendered":"<p>Bonjour,&nbsp;<\/p>\n<p>Le ralliement 2022 s&rsquo;en vient \u00e0 grands pas.&nbsp; Pour le moment, le nombre de participants est trop faible.&nbsp; s.v.p. Inscrivez-vous en grand nombre d&rsquo;ici le 17 juillet.&nbsp; Si vous \u00eates int\u00e9ress\u00e9s \u00e0 participer, faites-nous le savoir!<\/p>\n<p>ATTENTION!<\/p>\n<div class=\"kvgmc6g5 cxmmr5t8 oygrvhab hcukyx3x c1et5uql ii04i59q\">\n<div dir=\"auto\">20 juillet 2022, Victoriaville<\/div>\n<div dir=\"auto\">&nbsp;<\/div>\n<\/div>\n<div class=\"cxmmr5t8 oygrvhab hcukyx3x c1et5uql o9v6fnle ii04i59q\">\n<div dir=\"auto\">Chers(\u00e8res) membres,<\/div>\n<div dir=\"auto\">&nbsp;<\/div>\n<\/div>\n<div class=\"cxmmr5t8 oygrvhab hcukyx3x c1et5uql o9v6fnle ii04i59q\">\n<div dir=\"auto\">Nous sommes d\u00e9sol\u00e9s de devoir informer nos membres et leurs familles que le conseil d&rsquo;administration de l&rsquo;Association Therrien a pris la d\u00e9cision de reporter notre r\u00e9union annuelle pr\u00e9vue du 12 au 14 ao\u00fbt 2022 et de se reprendre \u00e0 l&rsquo;ann\u00e9e prochaine. La r\u00e9cente nouvelle vague d&rsquo;infections au COVID au Qu\u00e9bec ainsi qu&rsquo;une grande partie du Canada a entra\u00een\u00e9 l&rsquo;annulation de nombreux \u00e9v\u00e9nements et nous pensons qu&rsquo;il serait beaucoup mieux et plus s\u00fbr d&rsquo;attendre une autre ann\u00e9e pour se rassembler. De plus, une grande partie de notre horaire d\u00e9pendait de la pr\u00e9sence d&rsquo;au moins 50 personnes \u00e0 notre r\u00e9union et nous ne pouvons plus compter sur ce nombre pour avoir les nombreuses activit\u00e9s que nous avions pr\u00e9vues cette ann\u00e9e.<\/div>\n<div dir=\"auto\">&nbsp;<\/div>\n<\/div>\n<div class=\"cxmmr5t8 oygrvhab hcukyx3x c1et5uql o9v6fnle ii04i59q\">\n<div dir=\"auto\">Heureusement, nous pourrons toujours avoir notre r\u00e9union annuelle \u00e0 Drummondville dans le m\u00eame h\u00f4tel avec le m\u00eame lieu d&rsquo;activit\u00e9s pour nos membres l&rsquo;ann\u00e9e prochaine, du 25 au 27 ao\u00fbt 2023. Nous c\u00e9l\u00e9brerons le 40e anniversaire de notre association dans le m\u00eame endroit que la premi\u00e8re r\u00e9union annuelle en 1983. Notre comit\u00e9 de r\u00e9union a travaill\u00e9 tr\u00e8s fort pour que toutes les activit\u00e9s pr\u00e9vues pour cette ann\u00e9e soient disponibles l&rsquo;ann\u00e9e prochaine.<\/div>\n<div dir=\"auto\">&nbsp;<\/div>\n<\/div>\n<div class=\"cxmmr5t8 oygrvhab hcukyx3x c1et5uql o9v6fnle ii04i59q\">\n<div dir=\"auto\">Merci de votre compr\u00e9hension et de votre patience \u00e0 ce sujet. Pour ceux qui ont r\u00e9serv\u00e9 \u00e0 l&rsquo;h\u00f4tel, les r\u00e9servations pour cette ann\u00e9e ont d\u00e9j\u00e0 \u00e9t\u00e9 annul\u00e9es pour notre groupe. Pour ceux qui ont fourni des ch\u00e8ques pour assister aux \u00e9v\u00e9nements cette ann\u00e9e, nous vous retournerons vos ch\u00e8ques par la poste.<\/div>\n<div dir=\"auto\">&nbsp;<\/div>\n<\/div>\n<div class=\"cxmmr5t8 oygrvhab hcukyx3x c1et5uql o9v6fnle ii04i59q\">\n<div dir=\"auto\">Nous avons h\u00e2te de revoir tout le monde et de renouveler nos liens familiaux et nos amiti\u00e9s, l&rsquo;ann\u00e9e prochaine lors de notre r\u00e9union du 40e anniversaire!<\/div>\n<div dir=\"auto\">&nbsp;<\/div>\n<\/div>\n<div class=\"cxmmr5t8 oygrvhab hcukyx3x c1et5uql o9v6fnle ii04i59q\">\n<div dir=\"auto\">Nancy Therrien<\/div>\n<div dir=\"auto\">Pr\u00e9sidente du Ralliement des Familles Jean et Pierre TERRIEN<\/div>\n<\/div>\n<p><\/p>","protected":false},"excerpt":{"rendered":"<p>Bonjour,&nbsp; Le ralliement 2022 s&rsquo;en vient \u00e0 grands pas.&nbsp; Pour le moment, le nombre de participants est trop faible.&nbsp; s.v.p. Inscrivez-vous en grand nombre d&rsquo;ici le 17 juillet.&nbsp; Si vous \u00eates int\u00e9ress\u00e9s \u00e0 participer, faites-nous le savoir! ATTENTION! 20 juillet &hellip; <a href=\"https:\/\/therrien.org\/fr\/2022\/07\/10\/ralliement-2022-inscription\/\">Continuer la lecture <span class=\"meta-nav\">&rarr;<\/span><\/a><\/p>\n","protected":false},"author":5,"featured_media":0,"comment_status":"open","ping_status":"open","sticky":false,"template":"","format":"standard","meta":{"ngg_post_thumbnail":0,"footnotes":""},"categories":[8],"tags":[],"class_list":["post-2540","post","type-post","status-publish","format-standard","hentry","category-information"],"aioseo_notices":[],"_links":{"self":[{"href":"https:\/\/therrien.org\/fr\/wp-json\/wp\/v2\/posts\/2540","targetHints":{"allow":["GET"]}}],"collection":[{"href":"https:\/\/therrien.org\/fr\/wp-json\/wp\/v2\/posts"}],"about":[{"href":"https:\/\/therrien.org\/fr\/wp-json\/wp\/v2\/types\/post"}],"author":[{"embeddable":true,"href":"https:\/\/therrien.org\/fr\/wp-json\/wp\/v2\/users\/5"}],"replies":[{"embeddable":true,"href":"https:\/\/therrien.org\/fr\/wp-json\/wp\/v2\/comments?post=2540"}],"version-history":[{"count":4,"href":"https:\/\/therrien.org\/fr\/wp-json\/wp\/v2\/posts\/2540\/revisions"}],"predecessor-version":[{"id":2548,"href":"https:\/\/therrien.org\/fr\/wp-json\/wp\/v2\/posts\/2540\/revisions\/2548"}],"wp:attachment":[{"href":"https:\/\/therrien.org\/fr\/wp-json\/wp\/v2\/media?parent=2540"}],"wp:term":[{"taxonomy":"category","embeddable":true,"href":"https:\/\/therrien.org\/fr\/wp-json\/wp\/v2\/categories?post=2540"},{"taxonomy":"post_tag","embeddable":true,"href":"https:\/\/therrien.org\/fr\/wp-json\/wp\/v2\/tags?post=2540"}],"curies":[{"name":"wp","href":"https:\/\/api.w.org\/{rel}","templated":true}]}}