{"id":458,"date":"2011-11-28T07:45:19","date_gmt":"2011-11-28T12:45:19","guid":{"rendered":"https:\/\/therrien.org\/?p=458"},"modified":"2012-02-08T16:55:20","modified_gmt":"2012-02-08T21:55:20","slug":"leo-therrien-president-fondateur-de-lassociation","status":"publish","type":"post","link":"https:\/\/therrien.org\/fr\/2011\/11\/28\/leo-therrien-president-fondateur-de-lassociation\/","title":{"rendered":"L\u00e9o Therrien &#8211; Pr\u00e9sident fondateur de l&rsquo;Association"},"content":{"rendered":"<p><\/p>\n<p style=\"text-align: justify;\"><a href=\"https:\/\/therrien.org\/wp-content\/uploads\/2011\/11\/Leo_Therrien_President.jpg\"><img loading=\"lazy\" decoding=\"async\" class=\"size-full wp-image-466 alignleft\" style=\"border: 1px solid black; margin: 3px;\" title=\"L\u00e9o Therrien Pr\u00e9sident fondateur de l\u2019association du Ralliement des familles Jean et Pierre Therrien\" src=\"https:\/\/therrien.org\/wp-content\/uploads\/2011\/11\/Leo_Therrien_President.jpg\" alt=\"L\u00e9o Therrien Pr\u00e9sident fondateur de l\u2019association du Ralliement des familles Jean et Pierre Therrien\" width=\"230\" height=\"227\" \/><\/a>Fonder une association de famille n\u2019est pas chose facile. Avec une \u00e9quipe de 14 personnes, L\u00e9o se lance dans l\u2019aventure. Il fonde son association en 1982: Ralliement des familles Jean et Pierre Therrien.<\/p>\n<p style=\"text-align: justify;\">L\u00e9o, l\u2019a\u00een\u00e9 d\u2019une famille de 16 enfants, est n\u00e9 le 20 mars 1939, \u00e0 Sainte-Monique de Nicolet. Son p\u00e8re, Ovide Therrien, cultivateur, \u00e9pousa Ad\u00e9lina Pinard, fille de Napol\u00e9on Pinard et d\u2019Alvina Saint-Louis, le 15 juin 1938, \u00e0 Sainte-Monique de Nicolet.<\/p>\n<p style=\"text-align: justify;\">L\u00e9o fait ses \u00e9tudes primaires \u00e0 l\u2019\u00e9cole du rang num\u00e9ro neuf de Sainte-Perp\u00e9tue de Nicolet, et en 1953, \u00e0 l\u2019\u00e2ge de 14 ans, il entre au s\u00e9minaire de Nicolet, o\u00f9 il fait ses \u00e9tudes classiques. Il sera enseignant et psycho\u00e9ducateur \u00e0 l\u2019Universit\u00e9 du Qu\u00e9bec \u00e0 Trois-Rivi\u00e8res.<\/p>\n<p style=\"text-align: justify;\">Passionn\u00e9 d\u2019histoire et de g\u00e9n\u00e9alogie, il consacre tous ses temps libres \u00e0 la recherche. En 1998, il devient ma\u00eetre g\u00e9n\u00e9alogiste agr\u00e9\u00e9 et ne devient pas ma\u00eetre g\u00e9n\u00e9alogiste qui veut! Les crit\u00e8res d\u2019accr\u00e9ditations sont tr\u00e8s exigeants; faire partie d\u2019une association d\u2019histoire et de g\u00e9n\u00e9alogie, avoir \u00e9crit un livre, participer \u00e0 diff\u00e9rents comit\u00e9s. L\u00e9o heureusement fait tout cela, il a offert son expertise pour la pr\u00e9paration des volumes retra\u00e7ant l\u2019histoire de plusieurs municipalit\u00e9s: Sainte-Perp\u00e9tue o\u00f9 il a fait ses \u00e9tudes primaires, Saint-Thomas de Caxton, d\u2019o\u00f9 vient son \u00e9pouse, et Notre-Dame-du-Bon-Conseil. Il publie \u00e9galement un r\u00e9pertoire des descendants de Jean et Pierre Therrien. De plus, il est membre du conseil d\u2019administration de la soci\u00e9t\u00e9 de g\u00e9n\u00e9alogie de Drummondville, pendant plusieurs ann\u00e9es et occupe un poste au conseil d\u2019administration de la F\u00e9d\u00e9ration des familles souches du Qu\u00e9bec. Tout derni\u00e8rement, il s\u2019est joint au conseil d\u2019administration de la F\u00e9d\u00e9ration des soci\u00e9t\u00e9s de g\u00e9n\u00e9alogie du Qu\u00e9bec.<\/p>\n<p style=\"text-align: justify;\">Il \u00e9tait tout naturel qu\u2019il s\u2019int\u00e9resse \u00e0 sa propre famille, celle des descendants de Jean et Pierre Therrien. Depuis leur arriv\u00e9e en Nouvelle-France, les descendants de Jean et Pierre se sont multipli\u00e9s et les recherches faites au fil des ans ont permis d\u2019\u00e9tonnantes d\u00e9couvertes. Ainsi, parmi les descendants, nous retrouvons des Terrien, Th\u00e9rien, Therrien, aux \u00c9tats-Unis, des Taylor (il adopte le nom de sa conjointe) Farmer, Pharmer, Lander Terriah.<\/p>\n<p style=\"text-align: justify;\">L\u00e9o a pris sa retraite de l\u2019enseignement en 1997, depuis il a comme passe-temps la recherche des familles Therrien. Il a recueilli jusqu\u2019\u00e0 pr\u00e9sent 213 000 noms dans sa base de donn\u00e9es. L\u2019\u00e9t\u00e9, il devient notaire au Village Qu\u00e9b\u00e9cois d\u2019Antan, \u00e0 Drummondville.<\/p>\n<p style=\"text-align: justify;\">L\u00e9o Therrien est d\u00e9c\u00e9d\u00e9 le 10 mars 2008.<\/p>\n<p style=\"text-align: justify;\">Voici les liens de parent\u00e9 avec Jean Terrien, son premier anc\u00eatre. Jean Terrien est le 8i\u00e8me arri\u00e8re grand-p\u00e8re de L\u00e9o Therrien.<\/p>\n<p><div id=\"attachment_537\" style=\"width: 238px\" class=\"wp-caption aligncenter\"><a href=\"https:\/\/therrien.org\/wp-content\/uploads\/2011\/11\/Parente_Leo_Therrien.jpg\"><img loading=\"lazy\" decoding=\"async\" aria-describedby=\"caption-attachment-537\" class=\"size-full wp-image-537\" title=\"Liens de parent\u00e9 de L\u00e9o Therrien\" src=\"https:\/\/therrien.org\/wp-content\/uploads\/2011\/11\/Parente_Leo_Therrien.jpg\" alt=\"\" width=\"228\" height=\"618\" \/><\/a><p id=\"caption-attachment-537\" class=\"wp-caption-text\">Liens de parent\u00e9 entre Jean Terrien et L\u00e9o Therrien<\/p><\/div><\/p>","protected":false},"excerpt":{"rendered":"<p>Fonder une association de famille n\u2019est pas chose facile. Avec une \u00e9quipe de 14 personnes, L\u00e9o se lance dans l\u2019aventure. Il fonde son association en 1982: Ralliement des familles Jean et Pierre Therrien. L\u00e9o, l\u2019a\u00een\u00e9 d\u2019une famille de 16 enfants, &hellip; <a href=\"https:\/\/therrien.org\/fr\/2011\/11\/28\/leo-therrien-president-fondateur-de-lassociation\/\">Continuer la lecture <span class=\"meta-nav\">&rarr;<\/span><\/a><\/p>\n","protected":false},"author":3,"featured_media":0,"comment_status":"open","ping_status":"open","sticky":false,"template":"","format":"standard","meta":{"ngg_post_thumbnail":0,"footnotes":""},"categories":[5],"tags":[7],"class_list":["post-458","post","type-post","status-publish","format-standard","hentry","category-personnages","tag-president"],"aioseo_notices":[],"_links":{"self":[{"href":"https:\/\/therrien.org\/fr\/wp-json\/wp\/v2\/posts\/458","targetHints":{"allow":["GET"]}}],"collection":[{"href":"https:\/\/therrien.org\/fr\/wp-json\/wp\/v2\/posts"}],"about":[{"href":"https:\/\/therrien.org\/fr\/wp-json\/wp\/v2\/types\/post"}],"author":[{"embeddable":true,"href":"https:\/\/therrien.org\/fr\/wp-json\/wp\/v2\/users\/3"}],"replies":[{"embeddable":true,"href":"https:\/\/therrien.org\/fr\/wp-json\/wp\/v2\/comments?post=458"}],"version-history":[{"count":16,"href":"https:\/\/therrien.org\/fr\/wp-json\/wp\/v2\/posts\/458\/revisions"}],"predecessor-version":[{"id":467,"href":"https:\/\/therrien.org\/fr\/wp-json\/wp\/v2\/posts\/458\/revisions\/467"}],"wp:attachment":[{"href":"https:\/\/therrien.org\/fr\/wp-json\/wp\/v2\/media?parent=458"}],"wp:term":[{"taxonomy":"category","embeddable":true,"href":"https:\/\/therrien.org\/fr\/wp-json\/wp\/v2\/categories?post=458"},{"taxonomy":"post_tag","embeddable":true,"href":"https:\/\/therrien.org\/fr\/wp-json\/wp\/v2\/tags?post=458"}],"curies":[{"name":"wp","href":"https:\/\/api.w.org\/{rel}","templated":true}]}}