{"id":798,"date":"2012-05-03T17:48:26","date_gmt":"2012-05-03T21:48:26","guid":{"rendered":"https:\/\/therrien.org\/?p=798"},"modified":"2012-05-04T15:55:08","modified_gmt":"2012-05-04T19:55:08","slug":"30e-rassemblement-des-familles-jean-et-pierre-terrien","status":"publish","type":"post","link":"https:\/\/therrien.org\/fr\/2012\/05\/03\/30e-rassemblement-des-familles-jean-et-pierre-terrien\/","title":{"rendered":"30e rassemblement des familles Jean et Pierre Terrien"},"content":{"rendered":"<p><\/p>\n<p style=\"text-align: justify;\">Le Ralliement des familles Jean et Pierre Terrien<\/p>\n<p style=\"text-align: justify;\">Tiendra son 30i\u00e8me rassemblement dans la belle r\u00e9gion de la Haute-Gatineau, les 10, 11 et 12 ao\u00fbt 2012.<\/p>\n<p style=\"text-align: justify;\">Nous vous attendons en grand nombre pour ce grand \u00e9v\u00e8nement dans la r\u00e9gion de la Vall\u00e9e-de-la-Gatineau, une r\u00e9gion plut\u00f4t m\u00e9connue du Qu\u00e9bec mais c&rsquo;est dans ce coin de pays que l&rsquo;un de vos anc\u00eatres, Alphonse Th\u00e9rien, a d\u00e9cid\u00e9 de venir s&rsquo;\u00e9tablir! Venez d\u00e9couvrir votre lien avec ce pionnier qu&rsquo;\u00e9tait Alphonse Th\u00e9rien et rencontrer cousins\/cousines!<\/p>\n<p style=\"text-align: justify;\">Pour les d\u00e9tails, veuillez <a title=\"Rassemblement 2012\" href=\"https:\/\/therrien.org\/fr\/activites\/\">cliquer ici<\/a>.<\/p>\n<p><\/p>","protected":false},"excerpt":{"rendered":"<p>Le Ralliement des familles Jean et Pierre Terrien Tiendra son 30i\u00e8me rassemblement dans la belle r\u00e9gion de la Haute-Gatineau, les 10, 11 et 12 ao\u00fbt 2012. Nous vous attendons en grand nombre pour ce grand \u00e9v\u00e8nement dans la r\u00e9gion de &hellip; <a href=\"https:\/\/therrien.org\/fr\/2012\/05\/03\/30e-rassemblement-des-familles-jean-et-pierre-terrien\/\">Continuer la lecture <span class=\"meta-nav\">&rarr;<\/span><\/a><\/p>\n","protected":false},"author":3,"featured_media":0,"comment_status":"open","ping_status":"open","sticky":false,"template":"","format":"standard","meta":{"ngg_post_thumbnail":0,"footnotes":""},"categories":[8],"tags":[18,22,21,17,25,24,23],"class_list":["post-798","post","type-post","status-publish","format-standard","hentry","category-information","tag-18","tag-famille","tag-haute-gatineau","tag-rassemblement","tag-terrien","tag-therien","tag-therrien"],"aioseo_notices":[],"_links":{"self":[{"href":"https:\/\/therrien.org\/fr\/wp-json\/wp\/v2\/posts\/798","targetHints":{"allow":["GET"]}}],"collection":[{"href":"https:\/\/therrien.org\/fr\/wp-json\/wp\/v2\/posts"}],"about":[{"href":"https:\/\/therrien.org\/fr\/wp-json\/wp\/v2\/types\/post"}],"author":[{"embeddable":true,"href":"https:\/\/therrien.org\/fr\/wp-json\/wp\/v2\/users\/3"}],"replies":[{"embeddable":true,"href":"https:\/\/therrien.org\/fr\/wp-json\/wp\/v2\/comments?post=798"}],"version-history":[{"count":4,"href":"https:\/\/therrien.org\/fr\/wp-json\/wp\/v2\/posts\/798\/revisions"}],"predecessor-version":[{"id":800,"href":"https:\/\/therrien.org\/fr\/wp-json\/wp\/v2\/posts\/798\/revisions\/800"}],"wp:attachment":[{"href":"https:\/\/therrien.org\/fr\/wp-json\/wp\/v2\/media?parent=798"}],"wp:term":[{"taxonomy":"category","embeddable":true,"href":"https:\/\/therrien.org\/fr\/wp-json\/wp\/v2\/categories?post=798"},{"taxonomy":"post_tag","embeddable":true,"href":"https:\/\/therrien.org\/fr\/wp-json\/wp\/v2\/tags?post=798"}],"curies":[{"name":"wp","href":"https:\/\/api.w.org\/{rel}","templated":true}]}}