{"id":881,"date":"2012-08-17T08:45:56","date_gmt":"2012-08-17T12:45:56","guid":{"rendered":"https:\/\/therrien.org\/?p=881"},"modified":"2024-02-07T14:25:02","modified_gmt":"2024-02-07T19:25:02","slug":"rassemblement-2012-en-haute-gatineau","status":"publish","type":"post","link":"https:\/\/therrien.org\/fr\/2012\/08\/17\/rassemblement-2012-en-haute-gatineau\/","title":{"rendered":"Rassemblement 2012 en Haute-Gatineau"},"content":{"rendered":"<p><\/p>\n<p style=\"text-align: justify;\">Voici quelques <a title=\"Rassemblement 2012 en Haute-Gatineau\" href=\"https:\/\/therrien.org\/fr\/2012\/08\/17\/rassemblement-2012-en-haute-gatineau\/\">photos et vid\u00e9os de notre dernier rassemblement en Haute-Gatineau<\/a>. Vous avez des photos \u00e0 partager, envoyez un courriel \u00e0 <a title=\"information@therrien.org\" href=\"mailto:information@therrien.org\">information@therrien.org<\/a>.<\/p>\n<p style=\"text-align: justify;\">Cliquez sur une photo pour visionner les photos de Michael DeConti, de G\u00e9rald Therrien et de Lyne Alie.<\/p>\n<ul>\n<li>Galerie A : Diverses photos<\/li>\n<li>Galerie B : Vendredi Vin &amp; fromage<\/li>\n<li>Galerie C : Erengistrement &amp; assembl\u00e9e annuelle<\/li>\n<li>Galerie D : Visite \u00e0 Kitigan Zibi<\/li>\n<li>Galerie E : Pythonga &amp; Cano\u00eb<\/li>\n<li>Galerie F : Samedi Banquet &amp; soir\u00e9e<\/li>\n<li>Galerie G : Dimanche Diner<\/li>\n<li>Galerie H : \u00c0 la ferme<\/li>\n<li>Galerie I : Diverses photos<\/li>\n<li>Galerie J : Diverses photos<\/li>\n<li>Galerie K : Diverses photos<\/li>\n<li>Galerie L : Diverses photos<\/li>\n<li>Galerie M : Diverses photos<\/li>\n<li>Galerie N : Diverses photos<\/li>\n<li>Galerie O : Diverses photos<\/li>\n<li>Galerie P : Diverses photos<\/li>\n<li>Galerie Q : Diverses photos<\/li>\n<li>Galerie R : Diverses photos<\/li>\n<\/ul>\nngg_shortcode_0_placeholder\n<p style=\"text-align: justify;\">Voici deux vid\u00e9os sur Kitigan Zibi Anishinabeg<\/p>\n<p><iframe loading=\"lazy\" title=\"Kitigan Zibi Anishinabeg\" width=\"640\" height=\"480\" src=\"https:\/\/www.youtube.com\/embed\/p2KZfgZm9NE?feature=oembed\" frameborder=\"0\" allow=\"accelerometer; autoplay; clipboard-write; encrypted-media; gyroscope; picture-in-picture; web-share\" referrerpolicy=\"strict-origin-when-cross-origin\" allowfullscreen><\/iframe><\/p>\n<p>https:\/\/www.youtube.com\/watch?v=o_rg_eWCtmE<\/p>","protected":false},"excerpt":{"rendered":"<p>Voici quelques photos et vid\u00e9os de notre dernier rassemblement en Haute-Gatineau. Vous avez des photos \u00e0 partager, envoyez un courriel \u00e0 information@therrien.org. Cliquez sur une photo pour visionner les photos de Michael DeConti, de G\u00e9rald Therrien et de Lyne Alie. &hellip; <a href=\"https:\/\/therrien.org\/fr\/2012\/08\/17\/rassemblement-2012-en-haute-gatineau\/\">Continuer la lecture <span class=\"meta-nav\">&rarr;<\/span><\/a><\/p>\n","protected":false},"author":3,"featured_media":0,"comment_status":"open","ping_status":"open","sticky":false,"template":"","format":"standard","meta":{"ngg_post_thumbnail":0,"footnotes":""},"categories":[29],"tags":[18,28],"class_list":["post-881","post","type-post","status-publish","format-standard","hentry","category-photo","tag-18","tag-photos"],"aioseo_notices":[],"_links":{"self":[{"href":"https:\/\/therrien.org\/fr\/wp-json\/wp\/v2\/posts\/881","targetHints":{"allow":["GET"]}}],"collection":[{"href":"https:\/\/therrien.org\/fr\/wp-json\/wp\/v2\/posts"}],"about":[{"href":"https:\/\/therrien.org\/fr\/wp-json\/wp\/v2\/types\/post"}],"author":[{"embeddable":true,"href":"https:\/\/therrien.org\/fr\/wp-json\/wp\/v2\/users\/3"}],"replies":[{"embeddable":true,"href":"https:\/\/therrien.org\/fr\/wp-json\/wp\/v2\/comments?post=881"}],"version-history":[{"count":39,"href":"https:\/\/therrien.org\/fr\/wp-json\/wp\/v2\/posts\/881\/revisions"}],"predecessor-version":[{"id":2642,"href":"https:\/\/therrien.org\/fr\/wp-json\/wp\/v2\/posts\/881\/revisions\/2642"}],"wp:attachment":[{"href":"https:\/\/therrien.org\/fr\/wp-json\/wp\/v2\/media?parent=881"}],"wp:term":[{"taxonomy":"category","embeddable":true,"href":"https:\/\/therrien.org\/fr\/wp-json\/wp\/v2\/categories?post=881"},{"taxonomy":"post_tag","embeddable":true,"href":"https:\/\/therrien.org\/fr\/wp-json\/wp\/v2\/tags?post=881"}],"curies":[{"name":"wp","href":"https:\/\/api.w.org\/{rel}","templated":true}]}}